{"id":1096,"date":"2010-11-01T15:30:42","date_gmt":"2010-11-01T13:30:42","guid":{"rendered":"http:\/\/www.tmcrew.org\/cm\/?p=1096"},"modified":"2010-11-01T15:40:13","modified_gmt":"2010-11-01T13:40:13","slug":"ancora-sulla-partenza-a-piramide-sic","status":"publish","type":"post","link":"https:\/\/www.tmcrew.org\/cm\/2010\/11\/ancora-sulla-partenza-a-piramide-sic\/","title":{"rendered":"Ancora sulla partenza a Piramide (sic)"},"content":{"rendered":"<p><a href=\"http:\/\/www.tmcrew.org\/cm\/wp-content\/La_Piramide_di_Chefren_b.jpg\"><img decoding=\"async\" loading=\"lazy\" class=\"size-thumbnail wp-image-1098\" style=\"margin-left: 11px; margin-right: 11px;\" title=\"La_Piramide_di_Chefren_b\" src=\"http:\/\/www.tmcrew.org\/cm\/wp-content\/La_Piramide_di_Chefren_b-150x150.jpg\" alt=\"Piramide\" width=\"150\" height=\"150\" align=\"left\" \/><\/a>All&#8217;ultima partenza della Critical Mass da Via dei Fori Imperiali ho parlato con un ciclista che mi cercava come &#8220;amministratore del sito di CM&#8221; riguardo al fatto che dovrei pubblicizzare sul sito che lui ed altri (una decina) si vedono ancora alle 18 a Piramide.<\/p>\n<p>Gli ho detto che sebbene io ritenga sbagliato avere due partenze e soprattutto tornare a Piramide pu\u00f2 comunque aggiungere un commento al post che lancia la prossima Critical Mass e ricordare questo appuntamento alternativo.<\/p>\n<p>Ho chiesto comunque perch\u00e8 si ostinano a partire da Piramide. Mi ha risposto che il cambiamento ai Fori Imperiali non era stato deciso dalla CM&#8230;<\/p>\n<p>Gli ho detto che comunque se ne \u00e8 parlato in alcune riunioni ed nella mailing list e ho chiesto secondo lui quale sarebbe invece l&#8217;organo decisionale di Critical Mass Roma. Dopo un po&#8217; di insistenza lui dice altre assemblee a San Lorenzo con duecento persone&#8230; ma non approfondiamo di piu&#8217;.<\/p>\n<p>Comunque gli dico alla fine decidono i ciclisti\/e ed \u00e8 ormai un anno che vengono qua al palo 27 di Via dei Fori Imperiali.<\/p>\n<p>Gli chiedo allora cosa c&#8217;\u00e8 che non va in questo posto?<\/p>\n<p>Mi dice che \u00e8 troppo centrale, \u00e8 troppo visibile e stiamo in mezzo alla strada.<\/p>\n<p>Capisco che c&#8217;\u00e8 qualcos&#8217;altro e chiedo ma quindi \u00e8 meglio meno centrale e meno visibile e pi\u00f9 nascosto?<\/p>\n<p>No&#8230; alla fine pare che\u00a0 il problema pare essere che stando l\u00ec sotto il Campidoglio siamo visibili dalle istituzioni e facciamo gioco a chi ha i tavoli di trattativa con il comune (leggi DI TRAFFICO SI MUORE e altre ASSOCIAZIONI) che si giovano della nostra visibilit\u00e0.<\/p>\n<p>Gli chiedo quindi pensi che DI TRAFFICO SI MUORE sfrutti questa visibilit\u00e0 per darsi forza ai tavoli di trattativa.<\/p>\n<p>La risposta sostanzialmente \u00e8 si, anche per personaggi come quello che si \u00e8 candidato (leggi ROTAFIXA) e per quelli delle Associazioni (leggi i CICLONAUTI).<\/p>\n<p>Gli spiego che quelli che lui elenca come difetti sono per me invece pregi e che da anni avevo lanciato (insieme ad altri\/e) la proposta dello spostamento in posizione pi\u00f9 centrale anche senza appartenere ad associazioni, candidati, reti e tavoli di trattativa, ma che comunque sul sito racconter\u00f2 un po&#8217; la chiacchierata anche se sono in completo disaccordo e la questione del fare gioco ai tavoli di trattativa mi pare davvero pretestuosa.<\/p>\n<p>Pubblicato.<\/p>\n<p>Adesso se volete commentate scrivete meglio le vostre motivazioni<\/p>\n<p>luca.bicycling<\/p>\n","protected":false},"excerpt":{"rendered":"<p>All&#8217;ultima partenza della Critical Mass da Via dei Fori Imperiali ho parlato con un ciclista che mi cercava come &#8220;amministratore del sito di CM&#8221; riguardo al fatto che dovrei pubblicizzare sul sito che lui ed altri (una decina) si vedono ancora alle 18 a Piramide. Gli ho detto che sebbene io ritenga sbagliato avere due [&hellip;]<\/p>\n","protected":false},"author":1,"featured_media":0,"comment_status":"open","ping_status":"open","sticky":false,"template":"","format":"standard","meta":[],"categories":[3],"tags":[],"_links":{"self":[{"href":"https:\/\/www.tmcrew.org\/cm\/wp-json\/wp\/v2\/posts\/1096"}],"collection":[{"href":"https:\/\/www.tmcrew.org\/cm\/wp-json\/wp\/v2\/posts"}],"about":[{"href":"https:\/\/www.tmcrew.org\/cm\/wp-json\/wp\/v2\/types\/post"}],"author":[{"embeddable":true,"href":"https:\/\/www.tmcrew.org\/cm\/wp-json\/wp\/v2\/users\/1"}],"replies":[{"embeddable":true,"href":"https:\/\/www.tmcrew.org\/cm\/wp-json\/wp\/v2\/comments?post=1096"}],"version-history":[{"count":7,"href":"https:\/\/www.tmcrew.org\/cm\/wp-json\/wp\/v2\/posts\/1096\/revisions"}],"predecessor-version":[{"id":1103,"href":"https:\/\/www.tmcrew.org\/cm\/wp-json\/wp\/v2\/posts\/1096\/revisions\/1103"}],"wp:attachment":[{"href":"https:\/\/www.tmcrew.org\/cm\/wp-json\/wp\/v2\/media?parent=1096"}],"wp:term":[{"taxonomy":"category","embeddable":true,"href":"https:\/\/www.tmcrew.org\/cm\/wp-json\/wp\/v2\/categories?post=1096"},{"taxonomy":"post_tag","embeddable":true,"href":"https:\/\/www.tmcrew.org\/cm\/wp-json\/wp\/v2\/tags?post=1096"}],"curies":[{"name":"wp","href":"https:\/\/api.w.org\/{rel}","templated":true}]}}