{"id":245,"date":"2008-11-08T02:18:32","date_gmt":"2008-11-08T00:18:32","guid":{"rendered":"http:\/\/www.tmcrew.org\/cm\/?p=245"},"modified":"2008-11-08T02:18:32","modified_gmt":"2008-11-08T00:18:32","slug":"critical-mass-delluniversita","status":"publish","type":"post","link":"https:\/\/www.tmcrew.org\/cm\/2008\/11\/critical-mass-delluniversita\/","title":{"rendered":"Critical Mass dell&#8217;Universit\u00e0"},"content":{"rendered":"<div>la biciclettata sar\u00e0 mercoled\u00ec alle 11&#8230;<\/div>\n<div>appuntamento al prato dietro la Minerva<\/div>\n<div><\/div>\n","protected":false},"excerpt":{"rendered":"<p>la biciclettata sar\u00e0 mercoled\u00ec alle 11&#8230; appuntamento al prato dietro la Minerva<\/p>\n","protected":false},"author":1,"featured_media":0,"comment_status":"open","ping_status":"open","sticky":false,"template":"","format":"standard","meta":[],"categories":[17],"tags":[],"_links":{"self":[{"href":"https:\/\/www.tmcrew.org\/cm\/wp-json\/wp\/v2\/posts\/245"}],"collection":[{"href":"https:\/\/www.tmcrew.org\/cm\/wp-json\/wp\/v2\/posts"}],"about":[{"href":"https:\/\/www.tmcrew.org\/cm\/wp-json\/wp\/v2\/types\/post"}],"author":[{"embeddable":true,"href":"https:\/\/www.tmcrew.org\/cm\/wp-json\/wp\/v2\/users\/1"}],"replies":[{"embeddable":true,"href":"https:\/\/www.tmcrew.org\/cm\/wp-json\/wp\/v2\/comments?post=245"}],"version-history":[{"count":1,"href":"https:\/\/www.tmcrew.org\/cm\/wp-json\/wp\/v2\/posts\/245\/revisions"}],"predecessor-version":[{"id":255,"href":"https:\/\/www.tmcrew.org\/cm\/wp-json\/wp\/v2\/posts\/245\/revisions\/255"}],"wp:attachment":[{"href":"https:\/\/www.tmcrew.org\/cm\/wp-json\/wp\/v2\/media?parent=245"}],"wp:term":[{"taxonomy":"category","embeddable":true,"href":"https:\/\/www.tmcrew.org\/cm\/wp-json\/wp\/v2\/categories?post=245"},{"taxonomy":"post_tag","embeddable":true,"href":"https:\/\/www.tmcrew.org\/cm\/wp-json\/wp\/v2\/tags?post=245"}],"curies":[{"name":"wp","href":"https:\/\/api.w.org\/{rel}","templated":true}]}}